{"id":1540,"date":"2026-02-10T16:32:27","date_gmt":"2026-02-10T15:32:27","guid":{"rendered":"https:\/\/julia-arman.fr\/?p=1540"},"modified":"2026-02-10T16:37:09","modified_gmt":"2026-02-10T15:37:09","slug":"limportance-des-routines-quotidiennes","status":"publish","type":"post","link":"https:\/\/julia-arman.fr\/index.php\/2026\/02\/10\/limportance-des-routines-quotidiennes\/","title":{"rendered":"L\u2019importance des routines quotidiennes"},"content":{"rendered":"\n<h1 class=\"wp-block-heading\">Pourquoi de petits gestes r\u00e9guliers peuvent transformer notre bien-\u00eatre<\/h1>\n\n\n\n<p>Nous cherchons souvent des solutions efficaces, profondes, parfois complexes, pour aller mieux. Pourtant, \u00e0 travers mon accompagnement et mes observations au fil des ann\u00e9es, une chose revient avec constance : <strong>la mani\u00e8re dont nous commen\u00e7ons et terminons nos journ\u00e9es a un impact majeur sur notre bien-\u00eatre<\/strong>.<\/p>\n\n\n\n<p>Commencer la journ\u00e9e d\u2019une certaine fa\u00e7on, ou au contraire la clore avec un rituel r\u00e9gulier, peut profond\u00e9ment influencer notre <strong>\u00e9nergie<\/strong>, notre <strong>sommeil<\/strong>, notre <strong>digestion<\/strong> et notre <strong>stabilit\u00e9 \u00e9motionnelle<\/strong>. Ce n\u2019est pas toujours spectaculaire, ni imm\u00e9diat, mais les effets s\u2019installent avec le temps.<\/p>\n\n\n\n<p>Les routines quotidiennes ne sont pas l\u00e0 pour nous contraindre. Elles sont avant tout des <strong>rep\u00e8res pour le corps<\/strong>, des points d\u2019appui qui lui permettent de se sentir en s\u00e9curit\u00e9 et de mieux s\u2019organiser.<\/p>\n\n\n\n<hr class=\"wp-block-separator has-alpha-channel-opacity\"\/>\n\n\n\n<h2 class=\"wp-block-heading\">R\u00e9gularit\u00e9 plut\u00f4t qu\u2019intensit\u00e9<\/h2>\n\n\n\n<p>Il est tentant de penser qu\u2019une pratique longue et intense, r\u00e9alis\u00e9e de temps en temps, sera plus b\u00e9n\u00e9fique que de petits gestes quotidiens. Pourtant, l\u2019exp\u00e9rience montre souvent l\u2019inverse.<\/p>\n\n\n\n<p><strong>Quatre minutes par jour<\/strong>, r\u00e9p\u00e9t\u00e9es avec r\u00e9gularit\u00e9, peuvent avoir plus d\u2019impact qu\u2019un cours de yoga d\u2019une heure et demie pratiqu\u00e9 de mani\u00e8re occasionnelle.<\/p>\n\n\n\n<p>Pourquoi ? Parce que le corps \u2014 et en particulier le <strong>syst\u00e8me nerveux<\/strong> \u2014 fonctionne par <strong>r\u00e9p\u00e9tition et fr\u00e9quence<\/strong>. Il apprend, se r\u00e9gule et s\u2019apaise \u00e0 travers ce qui revient r\u00e9guli\u00e8rement, plut\u00f4t que par des efforts ponctuels.<\/p>\n\n\n\n<p>Cela implique aussi de sortir d\u2019une logique de performance. Il ne s\u2019agit pas de bien faire, ni de tout faire, mais de <strong>faire souvent<\/strong>, en respectant son rythme.<\/p>\n\n\n\n<hr class=\"wp-block-separator has-alpha-channel-opacity\"\/>\n\n\n\n<h2 class=\"wp-block-heading\">Les routines comme soutien de l\u2019\u00e9quilibre global<\/h2>\n\n\n\n<p>Les routines quotidiennes cr\u00e9ent un <strong>cadre<\/strong>. Elles aident le corps \u00e0 :<\/p>\n\n\n\n<ul class=\"wp-block-list\">\n<li>se r\u00e9veiller progressivement et activer ses fonctions,<\/li>\n\n\n\n<li>se poser et trouver de la stabilit\u00e9,<\/li>\n\n\n\n<li>rester calme, ancr\u00e9, en s\u00e9curit\u00e9.<\/li>\n<\/ul>\n\n\n\n<p>\u00c0 force de r\u00e9p\u00e9tition, le corps reconna\u00eet un <strong>chemin familier<\/strong>. Il sait \u00e0 quoi s\u2019attendre, ce qui peut \u00eatre particuli\u00e8rement soutenant en cas de <strong>fatigue chronique<\/strong>, de <strong>troubles du sommeil<\/strong>, d\u2019<strong>anxi\u00e9t\u00e9<\/strong>, de <strong>digestion lente<\/strong> ou de difficult\u00e9s \u00e0 \u00e9merger le matin.<\/p>\n\n\n\n<p>Ne minimisons pas l\u2019impact des gestes r\u00e9p\u00e9t\u00e9s au quotidien : <strong>le corps aime la r\u00e9gularit\u00e9<\/strong>.<\/p>\n\n\n\n<hr class=\"wp-block-separator has-alpha-channel-opacity\"\/>\n\n\n\n<h2 class=\"wp-block-heading\">Les routines du matin, selon les profils observ\u00e9s<\/h2>\n\n\n\n<p>En mati\u00e8re d\u2019hygi\u00e8ne de vie, mon observation m\u2019a conduite \u00e0 m\u2019inspirer principalement de la <strong>voie ayurv\u00e9dique<\/strong> (l\u2019Ayurv\u00e9da, science de la vie et de la sant\u00e9 issue de l\u2019Inde ancienne). Cette approche repose notamment sur la notion de <strong>profils<\/strong>, invitant chacun \u00e0 se conna\u00eetre et \u00e0 s\u2019observer.<\/p>\n\n\n\n<p>Les propositions qui suivent sont pour la plupart issues de l\u2019Ayurv\u00e9da. Il n\u2019est toutefois pas n\u00e9cessaire de conna\u00eetre son profil pour les exp\u00e9rimenter. L\u2019essentiel est de <strong>tester<\/strong>, puis de valider ce qui vous convient r\u00e9ellement.<\/p>\n\n\n\n<p>L\u2019id\u00e9e n\u2019est pas de tout faire, mais de <strong>trouver sa routine<\/strong>, et d\u2019en observer les bienfaits sur la sant\u00e9 et la stabilit\u00e9 int\u00e9rieure.<\/p>\n\n\n\n<hr class=\"wp-block-separator has-alpha-channel-opacity\"\/>\n\n\n\n<h3 class=\"wp-block-heading\">Pour les personnes anxieuses ou nerveuses<\/h3>\n\n\n<div class=\"wp-block-image\">\n<figure class=\"alignright size-large is-resized\"><img loading=\"lazy\" decoding=\"async\" width=\"483\" height=\"1024\" src=\"https:\/\/julia-arman.fr\/wp-content\/uploads\/pranayama-483x1024.png\" alt=\"\" class=\"wp-image-1542\" style=\"aspect-ratio:0.47168793816286175;width:113px;height:auto\" srcset=\"https:\/\/julia-arman.fr\/wp-content\/uploads\/pranayama-483x1024.png 483w, https:\/\/julia-arman.fr\/wp-content\/uploads\/pranayama-141x300.png 141w, https:\/\/julia-arman.fr\/wp-content\/uploads\/pranayama-768x1629.png 768w, https:\/\/julia-arman.fr\/wp-content\/uploads\/pranayama-724x1536.png 724w, https:\/\/julia-arman.fr\/wp-content\/uploads\/pranayama.png 943w\" sizes=\"auto, (max-width: 483px) 100vw, 483px\" \/><\/figure>\n<\/div>\n\n\n<p>Certaines personnes ont tendance \u00e0 se r\u00e9veiller d\u00e9j\u00e0 agit\u00e9es, avec un <strong>mental tr\u00e8s actif<\/strong>, souvent accompagn\u00e9 de troubles du sommeil ou d\u2019instabilit\u00e9 \u00e9motionnelle.<\/p>\n\n\n\n<p>Dans ce cas, commencer la journ\u00e9e par quelques minutes de <strong>respiration consciente<\/strong>, un <strong>pranayama simple<\/strong>, une courte <strong>m\u00e9ditation<\/strong>, ou simplement un temps pos\u00e9 en silence, peut \u00eatre tr\u00e8s b\u00e9n\u00e9fique \u2014 id\u00e9alement <strong>avant que le mental ne s\u2019emballe<\/strong>.<\/p>\n\n\n\n<p>M\u00eame <strong>trois minutes<\/strong> suffisent pour poser le syst\u00e8me nerveux. Un temps de dix \u00e0 quinze minutes permet, quant \u00e0 lui, d\u2019installer une qualit\u00e9 de pr\u00e9sence plus stable pour la journ\u00e9e.<\/p>\n\n\n\n<p>L\u2019intention ici n\u2019est pas de faire, mais d\u2019<strong>\u00eatre<\/strong> : ramener la conscience dans le corps et le souffle avant d\u2019entrer dans l\u2019action.<\/p>\n\n\n\n<p>Un <strong>massage du corps \u00e0 l\u2019huile<\/strong>, m\u00eame rapide (appel\u00e9 <em>Abhyanga<\/em> en Ayurv\u00e9da), peut \u00e9galement \u00eatre un excellent soutien pour revenir dans les sensations corporelles et apaiser le mental.<\/p>\n\n\n\n<hr class=\"wp-block-separator has-alpha-channel-opacity\"\/>\n\n\n\n<h3 class=\"wp-block-heading\">Pour les personnes ayant du mal \u00e0 se r\u00e9veiller<\/h3>\n\n\n\n<p>D\u2019autres profils, au contraire, ont du mal \u00e0 \u00e9merger le matin. Le corps semble lourd, engourdi, comme encore endormi.<\/p>\n\n\n\n<p>Certaines pratiques issues de l\u2019Ayurv\u00e9da peuvent alors \u00eatre tr\u00e8s aidantes, notamment le <strong>brossage \u00e0 sec du corps<\/strong>. R\u00e9alis\u00e9 le matin, sur peau s\u00e8che, avant la douche, il consiste \u00e0 brosser sans trop de force le corps avec une brosse naturelle, en remontant toujours vers le c\u0153ur.<\/p>\n\n\n<div class=\"wp-block-image\">\n<figure class=\"alignright size-large is-resized\"><img loading=\"lazy\" decoding=\"async\" width=\"1024\" height=\"726\" src=\"https:\/\/julia-arman.fr\/wp-content\/uploads\/brossage-a-sec-1024x726.png\" alt=\"\" class=\"wp-image-1541\" style=\"aspect-ratio:1.4105419450631032;width:241px;height:auto\" srcset=\"https:\/\/julia-arman.fr\/wp-content\/uploads\/brossage-a-sec-1024x726.png 1024w, https:\/\/julia-arman.fr\/wp-content\/uploads\/brossage-a-sec-300x213.png 300w, https:\/\/julia-arman.fr\/wp-content\/uploads\/brossage-a-sec-768x545.png 768w, https:\/\/julia-arman.fr\/wp-content\/uploads\/brossage-a-sec-1536x1090.png 1536w, https:\/\/julia-arman.fr\/wp-content\/uploads\/brossage-a-sec.png 1748w\" sizes=\"auto, (max-width: 1024px) 100vw, 1024px\" \/><\/figure>\n<\/div>\n\n\n<p>Ce rituel stimule la circulation, r\u00e9veille le corps en douceur et aide \u00e0 sortir de la sensation de lourdeur ou de fatigue au r\u00e9veil. <strong>Quelques minutes suffisent<\/strong> pour se sentir plus pr\u00e9sent(e) dans son corps et commencer la journ\u00e9e avec plus d\u2019\u00e9lan et de clart\u00e9.<\/p>\n\n\n\n<p>Comme pour toute routine, ce n\u2019est pas la dur\u00e9e qui compte, mais la <strong>r\u00e9gularit\u00e9<\/strong>.<\/p>\n\n\n\n<hr class=\"wp-block-separator has-alpha-channel-opacity\"\/>\n\n\n\n<h3 class=\"wp-block-heading\">Pour les troubles digestifs<\/h3>\n\n\n\n<p>Chez certaines personnes, la fatigue est \u00e9troitement li\u00e9e \u00e0 des <strong>d\u00e9s\u00e9quilibres digestifs<\/strong> : transit lent, ballonnements, inconfort.<\/p>\n\n\n\n<p>Dans ces cas, boire <strong>un bol d\u2019eau chaude le matin \u00e0 jeun<\/strong> peut r\u00e9ellement changer la donne (avant d&rsquo;ing\u00e9rer quoi que ce soit d&rsquo;autre). Ce geste simple soutient les fonctions digestives et relance les mouvements internes. Vous serez surpris!<\/p>\n\n\n\n<p>La <strong>routine du petit-d\u00e9jeuner<\/strong> joue \u00e9galement un r\u00f4le important. D\u00e9marrer la journ\u00e9e par un petit-d\u00e9jeuner <strong>prot\u00e9in\u00e9 et gras<\/strong> peut \u00eatre particuli\u00e8rement b\u00e9n\u00e9fique pour les personnes souffrant de troubles glyc\u00e9miques ou de variations d\u2019\u00e9nergie en cours de matin\u00e9e.<\/p>\n\n\n\n<hr class=\"wp-block-separator has-alpha-channel-opacity\"\/>\n\n\n\n<h2 class=\"wp-block-heading\">Les routines du soir : pr\u00e9parer le corps au repos<\/h2>\n\n\n\n<p>Le soir est un moment cl\u00e9, notamment pour les personnes ayant des difficult\u00e9s \u00e0 s\u2019endormir ou \u00e0 \u00ab d\u00e9crocher \u00bb mentalement.<\/p>\n\n\n\n<p>Le corps a besoin de <strong>signaux clairs<\/strong> pour comprendre que le temps du repos approche. La r\u00e9p\u00e9tition d\u2019un rituel rassurant permet de cr\u00e9er cette transition.<\/p>\n\n\n\n<p>Cela peut prendre des formes tr\u00e8s simples :<\/p>\n\n\n\n<ul class=\"wp-block-list\">\n<li>un moment de lecture, toujours au m\u00eame endroit,<\/li>\n\n\n\n<li>se masser les pieds avec une huile chaude,<\/li>\n\n\n\n<li>ajouter une huile essentielle douce, comme la <strong>lavande vraie<\/strong>,<\/li>\n\n\n\n<li>r\u00e9duire progressivement l\u2019exposition aux \u00e9crans,<\/li>\n\n\n\n<li>pratiquer un pranayama ou des visualisations.<\/li>\n<\/ul>\n\n\n\n<p>Ces routines sont particuli\u00e8rement b\u00e9n\u00e9fiques pour les personnes tr\u00e8s c\u00e9r\u00e9brales ou \u00e9loign\u00e9es de leurs sensations corporelles. Le corps apprend alors \u00e0 associer ces gestes au <strong>rel\u00e2chement<\/strong> et au <strong>sommeil<\/strong>.<\/p>\n\n\n\n<hr class=\"wp-block-separator has-alpha-channel-opacity\"\/>\n\n\n\n<h2 class=\"wp-block-heading\">Choisir sa routine sans se surcharger<\/h2>\n\n\n\n<p>L\u2019un des \u00e9cueils les plus fr\u00e9quents est de vouloir tout faire. Or, trop de routines finissent souvent par ne plus \u00eatre suivies.<\/p>\n\n\n\n<p>Il est pr\u00e9f\u00e9rable de :<\/p>\n\n\n\n<ul class=\"wp-block-list\">\n<li>choisir <strong>un ou deux gestes maximum<\/strong>,<\/li>\n\n\n\n<li>les pratiquer r\u00e9guli\u00e8rement,<\/li>\n\n\n\n<li>observer leurs effets,<\/li>\n\n\n\n<li>ajuster avec le temps.<\/li>\n<\/ul>\n\n\n\n<p>Les routines doivent rester au service du bien-\u00eatre, et non devenir une contrainte suppl\u00e9mentaire. Le corps sait tr\u00e8s bien dire ce qui lui convient, \u00e0 condition de lui laisser de l\u2019espace.<\/p>\n\n\n\n<hr class=\"wp-block-separator has-alpha-channel-opacity\"\/>\n\n\n\n<h2 class=\"wp-block-heading\">Cr\u00e9er un cadre rassurant pour le corps<\/h2>\n\n\n\n<p>Les routines quotidiennes offrent une <strong>continuit\u00e9<\/strong>. Elles soutiennent l\u2019ancrage, la stabilit\u00e9 \u00e9motionnelle, la qualit\u00e9 du sommeil et de l\u2019\u00e9nergie.<\/p>\n\n\n\n<p>Ce cadre n\u2019est pas une rigidit\u00e9, mais un <strong>socle<\/strong>. C\u2019est souvent \u00e0 partir de cette stabilit\u00e9 que plus de libert\u00e9 int\u00e9rieure peut \u00e9merger.<\/p>\n\n\n\n<hr class=\"wp-block-separator has-alpha-channel-opacity\"\/>\n\n\n\n<h2 class=\"wp-block-heading\">En conclusion<\/h2>\n\n\n\n<p>Il n\u2019existe pas de routine parfaite ni universelle. Chacun a son corps, son rythme, son histoire.<\/p>\n\n\n\n<p>Les routines sont des <strong>points d\u2019appui<\/strong>, des invitations \u00e0 \u00e9couter, r\u00e9p\u00e9ter et simplifier. De petits gestes, pratiqu\u00e9s avec r\u00e9gularit\u00e9, peuvent ouvrir de grands changements.<\/p>\n\n\n\n<p>L\u2019essentiel n\u2019est pas de faire plus, mais de <strong>faire avec pr\u00e9sence<\/strong>.<\/p>\n","protected":false},"excerpt":{"rendered":"<p>Pourquoi de petits gestes r\u00e9guliers peuvent transformer notre bien-\u00eatre Nous cherchons souvent des solutions efficaces, profondes, parfois complexes, pour aller mieux. Pourtant, \u00e0 travers mon accompagnement et mes observations au fil des ann\u00e9es, une chose revient avec constance : la<\/p>\n","protected":false},"author":1,"featured_media":0,"comment_status":"open","ping_status":"0","sticky":false,"template":"","format":"standard","meta":{"footnotes":""},"categories":[1],"tags":[],"class_list":["post-1540","post","type-post","status-publish","format-standard","hentry","category-non-classe","","tg-column-two"],"_links":{"self":[{"href":"https:\/\/julia-arman.fr\/index.php\/wp-json\/wp\/v2\/posts\/1540","targetHints":{"allow":["GET"]}}],"collection":[{"href":"https:\/\/julia-arman.fr\/index.php\/wp-json\/wp\/v2\/posts"}],"about":[{"href":"https:\/\/julia-arman.fr\/index.php\/wp-json\/wp\/v2\/types\/post"}],"author":[{"embeddable":true,"href":"https:\/\/julia-arman.fr\/index.php\/wp-json\/wp\/v2\/users\/1"}],"replies":[{"embeddable":true,"href":"https:\/\/julia-arman.fr\/index.php\/wp-json\/wp\/v2\/comments?post=1540"}],"version-history":[{"count":2,"href":"https:\/\/julia-arman.fr\/index.php\/wp-json\/wp\/v2\/posts\/1540\/revisions"}],"predecessor-version":[{"id":1545,"href":"https:\/\/julia-arman.fr\/index.php\/wp-json\/wp\/v2\/posts\/1540\/revisions\/1545"}],"wp:attachment":[{"href":"https:\/\/julia-arman.fr\/index.php\/wp-json\/wp\/v2\/media?parent=1540"}],"wp:term":[{"taxonomy":"category","embeddable":true,"href":"https:\/\/julia-arman.fr\/index.php\/wp-json\/wp\/v2\/categories?post=1540"},{"taxonomy":"post_tag","embeddable":true,"href":"https:\/\/julia-arman.fr\/index.php\/wp-json\/wp\/v2\/tags?post=1540"}],"curies":[{"name":"wp","href":"https:\/\/api.w.org\/{rel}","templated":true}]}}